{"@context":"https:\/\/schema.org\/","@type":"CollectionPage","@id":"https:\/\/www.lumeon.cz\/cestovani\/#CollectionPage","headline":"Cestov\u00e1n\u00ed Category","description":"","url":"https:\/\/www.lumeon.cz\/cestovani\/","hasPart":[{"@type":"Article","@id":"https:\/\/www.lumeon.cz\/salvej-lekarska\/","headline":"\u0160alv\u011bj l\u00e9ka\u0159sk\u00e1","url":"https:\/\/www.lumeon.cz\/salvej-lekarska\/","datePublished":"2025-03-02","dateModified":"2023-04-29","mainEntityOfPage":"https:\/\/www.lumeon.cz\/salvej-lekarska\/","author":{"@type":"Person","@id":"https:\/\/www.lumeon.cz\/author\/#Person","name":"lumeon.cz\n","url":"https:\/\/www.lumeon.cz\/author\/","identifier":1,"image":{"@type":"ImageObject","@id":"https:\/\/secure.gravatar.com\/avatar\/014a645f9f16d49aceddb25e316448c724bd78e7db0ee7a34c29417d5ca39ef1?s=96&d=mm&r=g","url":"https:\/\/secure.gravatar.com\/avatar\/014a645f9f16d49aceddb25e316448c724bd78e7db0ee7a34c29417d5ca39ef1?s=96&d=mm&r=g","height":96,"width":96}},"publisher":{"@type":"Organization","name":"lumeon.cz","logo":{"@type":"ImageObject","@id":"\/logo.png","url":"\/logo.png","width":600,"height":60}},"image":{"@type":"ImageObject","@id":"https:\/\/www.lumeon.cz\/wp-content\/uploads\/img_a301410_w1958_t1511466860.jpg","url":"https:\/\/www.lumeon.cz\/wp-content\/uploads\/img_a301410_w1958_t1511466860.jpg","height":0,"width":0},"keywords":null},{"@type":"Article","@id":"https:\/\/www.lumeon.cz\/nadherna-a-draha-botswana-neni-jenom-delta-okavango\/","headline":"N\u00e1dhern\u00e1 a drah\u00e1 Botswana nen\u00ed jenom delta Okavango","url":"https:\/\/www.lumeon.cz\/nadherna-a-draha-botswana-neni-jenom-delta-okavango\/","datePublished":"2025-03-01","dateModified":"2023-04-29","mainEntityOfPage":"https:\/\/www.lumeon.cz\/nadherna-a-draha-botswana-neni-jenom-delta-okavango\/","author":{"@type":"Person","@id":"https:\/\/www.lumeon.cz\/author\/#Person","name":"lumeon.cz\n","url":"https:\/\/www.lumeon.cz\/author\/","identifier":1,"image":{"@type":"ImageObject","@id":"https:\/\/secure.gravatar.com\/avatar\/014a645f9f16d49aceddb25e316448c724bd78e7db0ee7a34c29417d5ca39ef1?s=96&d=mm&r=g","url":"https:\/\/secure.gravatar.com\/avatar\/014a645f9f16d49aceddb25e316448c724bd78e7db0ee7a34c29417d5ca39ef1?s=96&d=mm&r=g","height":96,"width":96}},"publisher":{"@type":"Organization","name":"lumeon.cz","logo":{"@type":"ImageObject","@id":"\/logo.png","url":"\/logo.png","width":600,"height":60}},"image":{"@type":"ImageObject","@id":"https:\/\/www.lumeon.cz\/wp-content\/uploads\/img_a287833_w2074_t1498406853.jpg","url":"https:\/\/www.lumeon.cz\/wp-content\/uploads\/img_a287833_w2074_t1498406853.jpg","height":0,"width":0},"keywords":null},{"@type":"Article","@id":"https:\/\/www.lumeon.cz\/jak-se-pripravit-na-odchod-do-duchodu\/","headline":"Jak se p\u0159ipravit na odchod do d\u016fchodu","url":"https:\/\/www.lumeon.cz\/jak-se-pripravit-na-odchod-do-duchodu\/","datePublished":"2025-03-01","dateModified":"2023-04-29","mainEntityOfPage":"https:\/\/www.lumeon.cz\/jak-se-pripravit-na-odchod-do-duchodu\/","author":{"@type":"Person","@id":"https:\/\/www.lumeon.cz\/author\/#Person","name":"lumeon.cz\n","url":"https:\/\/www.lumeon.cz\/author\/","identifier":1,"image":{"@type":"ImageObject","@id":"https:\/\/secure.gravatar.com\/avatar\/014a645f9f16d49aceddb25e316448c724bd78e7db0ee7a34c29417d5ca39ef1?s=96&d=mm&r=g","url":"https:\/\/secure.gravatar.com\/avatar\/014a645f9f16d49aceddb25e316448c724bd78e7db0ee7a34c29417d5ca39ef1?s=96&d=mm&r=g","height":96,"width":96}},"publisher":{"@type":"Organization","name":"lumeon.cz","logo":{"@type":"ImageObject","@id":"\/logo.png","url":"\/logo.png","width":600,"height":60}},"image":{"@type":"ImageObject","@id":"https:\/\/www.lumeon.cz\/wp-content\/uploads\/img_a302113_w2074_t1512059610.jpg","url":"https:\/\/www.lumeon.cz\/wp-content\/uploads\/img_a302113_w2074_t1512059610.jpg","height":0,"width":0},"keywords":null},{"@type":"Article","@id":"https:\/\/www.lumeon.cz\/mezek-s-espezetkou\/","headline":"Mezek s esp\u00e9zetkou","url":"https:\/\/www.lumeon.cz\/mezek-s-espezetkou\/","datePublished":"2025-02-28","dateModified":"2023-04-29","mainEntityOfPage":"https:\/\/www.lumeon.cz\/mezek-s-espezetkou\/","author":{"@type":"Person","@id":"https:\/\/www.lumeon.cz\/author\/#Person","name":"lumeon.cz\n","url":"https:\/\/www.lumeon.cz\/author\/","identifier":1,"image":{"@type":"ImageObject","@id":"https:\/\/secure.gravatar.com\/avatar\/014a645f9f16d49aceddb25e316448c724bd78e7db0ee7a34c29417d5ca39ef1?s=96&d=mm&r=g","url":"https:\/\/secure.gravatar.com\/avatar\/014a645f9f16d49aceddb25e316448c724bd78e7db0ee7a34c29417d5ca39ef1?s=96&d=mm&r=g","height":96,"width":96}},"publisher":{"@type":"Organization","name":"lumeon.cz","logo":{"@type":"ImageObject","@id":"\/logo.png","url":"\/logo.png","width":600,"height":60}},"image":{"@type":"ImageObject","@id":"https:\/\/www.lumeon.cz\/wp-content\/uploads\/img_a287595_w2074_t1498149719.jpg","url":"https:\/\/www.lumeon.cz\/wp-content\/uploads\/img_a287595_w2074_t1498149719.jpg","height":0,"width":0},"keywords":null},{"@type":"Article","@id":"https:\/\/www.lumeon.cz\/se-psem-do-zahranici-zadny-problem\/","headline":"Se psem do zahrani\u010d\u00ed? \u017d\u00e1dn\u00fd probl\u00e9m.","url":"https:\/\/www.lumeon.cz\/se-psem-do-zahranici-zadny-problem\/","datePublished":"2025-02-27","dateModified":"2023-04-29","mainEntityOfPage":"https:\/\/www.lumeon.cz\/se-psem-do-zahranici-zadny-problem\/","author":{"@type":"Person","@id":"https:\/\/www.lumeon.cz\/author\/#Person","name":"lumeon.cz\n","url":"https:\/\/www.lumeon.cz\/author\/","identifier":1,"image":{"@type":"ImageObject","@id":"https:\/\/secure.gravatar.com\/avatar\/014a645f9f16d49aceddb25e316448c724bd78e7db0ee7a34c29417d5ca39ef1?s=96&d=mm&r=g","url":"https:\/\/secure.gravatar.com\/avatar\/014a645f9f16d49aceddb25e316448c724bd78e7db0ee7a34c29417d5ca39ef1?s=96&d=mm&r=g","height":96,"width":96}},"publisher":{"@type":"Organization","name":"lumeon.cz","logo":{"@type":"ImageObject","@id":"\/logo.png","url":"\/logo.png","width":600,"height":60}},"image":{"@type":"ImageObject","@id":"https:\/\/www.lumeon.cz\/wp-content\/uploads\/img_a327796_w2074_t1540281494.png","url":"https:\/\/www.lumeon.cz\/wp-content\/uploads\/img_a327796_w2074_t1540281494.png","height":0,"width":0},"keywords":null},{"@type":"Article","@id":"https:\/\/www.lumeon.cz\/plzen\/","headline":"Plze\u0148","url":"https:\/\/www.lumeon.cz\/plzen\/","datePublished":"2019-07-23","dateModified":"2023-04-29","mainEntityOfPage":"https:\/\/www.lumeon.cz\/plzen\/","author":{"@type":"Person","@id":"https:\/\/www.lumeon.cz\/author\/#Person","name":"lumeon.cz\n","url":"https:\/\/www.lumeon.cz\/author\/","identifier":1,"image":{"@type":"ImageObject","@id":"https:\/\/secure.gravatar.com\/avatar\/014a645f9f16d49aceddb25e316448c724bd78e7db0ee7a34c29417d5ca39ef1?s=96&d=mm&r=g","url":"https:\/\/secure.gravatar.com\/avatar\/014a645f9f16d49aceddb25e316448c724bd78e7db0ee7a34c29417d5ca39ef1?s=96&d=mm&r=g","height":96,"width":96}},"publisher":{"@type":"Organization","name":"lumeon.cz","logo":{"@type":"ImageObject","@id":"\/logo.png","url":"\/logo.png","width":600,"height":60}},"image":{"@type":"ImageObject","@id":"https:\/\/www.lumeon.cz\/wp-content\/uploads\/img_a349182_w2074_t1564070623.jpg","url":"https:\/\/www.lumeon.cz\/wp-content\/uploads\/img_a349182_w2074_t1564070623.jpg","height":0,"width":0},"keywords":null}]}