[{"@context":"https:\/\/schema.org\/","@type":"Article","@id":"https:\/\/www.lumeon.cz\/krajka-vladne-svetu\/#Article","mainEntityOfPage":"https:\/\/www.lumeon.cz\/krajka-vladne-svetu\/","headline":"Krajka vl\u00e1dne sv\u011btu","name":"Krajka vl\u00e1dne sv\u011btu","description":"Je bezpochyby nespo\u010det materi\u00e1l\u016f, kter\u00e9 opl\u00fdvaj\u00ed svou odli\u0161nost\u00ed a designem natolik, \u017ee jim jednodu\u0161e podlehneme. Co je v\u0161ak za v\u0161ech okolnost\u00ed naprosto sexy a l\u00e1kav\u00e9 je krajka, kter\u00e9 jednodu\u0161e nelze odolat. Sv\u016fdn\u00e9 spodn\u00ed pr\u00e1dlo Spodn\u00ed pr\u00e1dlo m\u00e1 b\u00fdt pohodln\u00e9, vypadat stylov\u011b a obzvl\u00e1\u0161t\u011b \u017eeny, se cht\u011bj\u00ed ve spodn\u00edm pr\u00e1dle c\u00edtit nejen dob\u0159e, ale i p\u0159ita\u017eliv\u011b. [&hellip;]","datePublished":"2025-02-28","dateModified":"2023-04-29","author":{"@type":"Person","@id":"https:\/\/www.lumeon.cz\/author\/#Person","name":"lumeon.cz\n","url":"https:\/\/www.lumeon.cz\/author\/","identifier":1,"image":{"@type":"ImageObject","@id":"https:\/\/secure.gravatar.com\/avatar\/014a645f9f16d49aceddb25e316448c724bd78e7db0ee7a34c29417d5ca39ef1?s=96&d=mm&r=g","url":"https:\/\/secure.gravatar.com\/avatar\/014a645f9f16d49aceddb25e316448c724bd78e7db0ee7a34c29417d5ca39ef1?s=96&d=mm&r=g","height":96,"width":96}},"publisher":{"@type":"Organization","name":"lumeon.cz","logo":{"@type":"ImageObject","@id":"\/logo.png","url":"\/logo.png","width":600,"height":60}},"image":{"@type":"ImageObject","@id":"https:\/\/www.lumeon.cz\/wp-content\/uploads\/img_a312038_w2074_t1523090271.jpg","url":"https:\/\/www.lumeon.cz\/wp-content\/uploads\/img_a312038_w2074_t1523090271.jpg","height":0,"width":0},"url":"https:\/\/www.lumeon.cz\/krajka-vladne-svetu\/","about":["M\u00f3da"],"wordCount":466,"articleBody":"\tJe bezpochyby nespo\u010det materi\u00e1l\u016f, kter\u00e9 opl\u00fdvaj\u00ed svou odli\u0161nost\u00ed a designem natolik, \u017ee jim jednodu\u0161e podlehneme. Co je v\u0161ak za v\u0161ech okolnost\u00ed naprosto sexy a l\u00e1kav\u00e9 je krajka, kter\u00e9 jednodu\u0161e nelze odolat.\t\tSv\u016fdn\u00e9 spodn\u00ed pr\u00e1dlo\tSpodn\u00ed pr\u00e1dlo m\u00e1 b\u00fdt pohodln\u00e9, vypadat stylov\u011b a obzvl\u00e1\u0161t\u011b \u017eeny, se cht\u011bj\u00ed ve spodn\u00edm pr\u00e1dle c\u00edtit nejen dob\u0159e, ale i p\u0159ita\u017eliv\u011b. Spodn\u00ed pr\u00e1dlo je sice v\u011bc intimn\u00ed, ale jedno je jist\u00e9, ve spodn\u00edm pr\u00e1dle se chcete zal\u00edbit p\u0159edev\u0161\u00edm mu\u017esk\u00e9mu pohlav\u00ed. A co je v\u00edce smysln\u00e9 a sv\u016fdn\u00e9 ne\u017e krajkov\u00e9 modely? No nic!\t\u00b7\u00a0\u00a0\u00a0\u00a0\u00a0\u00a0 Podprsenky\t\u00b7\u00a0\u00a0\u00a0\u00a0\u00a0\u00a0 Kalhotky\t\u00b7\u00a0\u00a0\u00a0\u00a0\u00a0\u00a0 Body\t\u00b7\u00a0\u00a0\u00a0\u00a0\u00a0\u00a0 Korzety\tTo v\u0161e tou\u017e\u00ed ka\u017ed\u00e1 \u017eena m\u00edt, hlavn\u011b v s\u00ed\u0165ov\u00e9m materi\u00e1lu, jak\u00fdm je krajka!\t\tDo spole\u010dnosti s krajkou\tSpole\u010densk\u00e9 \u0161aty nebo celkov\u011b form\u00e1ln\u00ed oble\u010den\u00ed, m\u00e1 b\u00fdt za v\u0161ech okolnost\u00ed elegantn\u00ed a v\u00e1biv\u00e9. Krajkov\u00e9 druhy oble\u010den\u00ed maj\u00ed tu v\u00fdhodu, \u017ee zakryj\u00ed v\u0161e, a p\u0159itom je\u0161t\u011b n\u011bco uk\u00e1\u017eou. Nejsou tedy zcela nevhodn\u00e9 a lidi nepobu\u0159uje skute\u010dnost, \u017ee v\u00e1m v\u00fdst\u0159ih nebo konec \u0161at\u016f zakr\u00fdv\u00e1 \u201ejen tento druh materi\u00e1lu\u201c. Krajka nikdy nevyjde z m\u00f3dy a mluv\u00ed za to i fakt, \u017ee je ve sv\u011bt\u011b m\u00f3dy u\u017e takovou dobu a po\u0159\u00e1d nesm\u00edrn\u011b \u017e\u00e1dan\u00e1 a obl\u00edben\u00e1.\tSvatebn\u00ed krajkov\u00e9 \u0161aty\tKdy\u017e se za\u010d\u00edn\u00e1 schylovat ke svatb\u011b, mnoho \u017een mysl\u00ed na jej\u00ed p\u0159\u00edpravy a p\u0159edev\u0161\u00edm na jedin\u00e9 \u2013 svatebn\u00ed \u0161aty. P\u0159edstavy se pon\u011bkud li\u0161\u00ed, co ale z\u016fst\u00e1v\u00e1 je to, \u017ee v\u0161echny sahaj\u00ed po krajce. Tak n\u011bjak se tento trend u\u017e p\u0159irozen\u011b spojil se svatebn\u00edm dnem, kdy nev\u011bsta vypad\u00e1 nejen n\u011b\u017en\u011b, ale i p\u016fvabn\u011b a vkusn\u011b. Svatebn\u00ed \u0161aty si m\u016f\u017eete nechat u\u0161\u00edt i na m\u00edru a p\u0159izp\u016fsobit si je va\u0161im po\u017eadavk\u016fm. Chcete dlouh\u00fd krajkov\u00fd ruk\u00e1v nebo je m\u00edt cel\u00e9 pro\u0161it\u00e9 krajkou? V dne\u0161n\u00ed dob\u011b, to u\u017e nen\u00ed \u017e\u00e1dn\u00fd probl\u00e9m! Takov\u00e9 \u0161aty se v\u00e1m toti\u017e vryj\u00ed do pam\u011bti a ve v\u00e1\u0161 svatebn\u00ed den, budete u\u017e jen d\u00edky nim, tou nejvzne\u0161en\u011bj\u0161\u00ed osobou ze v\u0161ech!\tOd miminka k princezn\u011b\tKdysi d\u00e1vno byli v\u0161echny oble\u010dky a d\u011btsk\u00e9 oble\u010den\u00ed k sehn\u00e1n\u00ed v\u0161ude stejn\u00e9. Te\u010f u\u017e si m\u016f\u017eou maminky \u201evypar\u00e1dit\u201c sv\u00e9 princezny r\u016fzn\u00fdmi druhy \u0161ati\u010dek a suk\u00fdnek, u\u017e i v modelech krajky. D\u011btem je to sice jedno, ale maminky a v\u0161ichni kolem jsou z tak malink\u00fdch kousk\u016f naprosto uchv\u00e1ceni, proto\u017ee jsou vskutku roztomil\u00e9!                                                                                                                                                                                                                                                                                                                                                                                        4.3\/5 - (6 votes)        "},{"@context":"https:\/\/schema.org\/","@type":"BreadcrumbList","itemListElement":[{"@type":"ListItem","position":1,"name":"Krajka vl\u00e1dne sv\u011btu","item":"https:\/\/www.lumeon.cz\/krajka-vladne-svetu\/#breadcrumbitem"}]}]