[{"@context":"https:\/\/schema.org\/","@type":"Article","@id":"https:\/\/www.lumeon.cz\/odhodte-sve-obavy\/#Article","mainEntityOfPage":"https:\/\/www.lumeon.cz\/odhodte-sve-obavy\/","headline":"Odho\u010fte sv\u00e9 obavy","name":"Odho\u010fte sv\u00e9 obavy","description":"Pat\u0159\u00edte mezi ty, kte\u0159\u00ed \u0161patn\u011b sn\u00e1\u0161\u00ed samotu? Nejeden z\u00a0n\u00e1s pot\u0159ebuje ke\u00a0\u0161t\u011bst\u00ed l\u00e1skypln\u00fd vztah s\u00a0druhou osobou, stejn\u011b jako intimn\u00ed vyj\u00e1d\u0159en\u00ed l\u00e1sky. T\u00edm z\u00e1kladn\u00edm nonverb\u00e1ln\u00edm projevem je polibek. Jde o\u00a0spojen\u00ed rt\u016f, vyjad\u0159uj\u00edc\u00ed zal\u00edben\u00ed a\u00a0citovou n\u00e1klonnost. Setk\u00e1v\u00e1me se s\u00a0n\u00edm dnes a\u00a0denn\u011b \u2013 mezi lidmi v\u00a0na\u0161\u00ed bl\u00edzkosti, na\u00a0obrazovk\u00e1ch, na\u00a0fotk\u00e1ch a\u00a0ilustrac\u00edch v\u00a0\u010dasopisech. Tou\u017e\u00edme po n\u011bm, a\u00a0p\u0159esto z\u00a0n\u011bj m\u016f\u017eeme m\u00edt takt\u00e9\u017e [&hellip;]","datePublished":"2024-11-11","dateModified":"2024-11-11","author":{"@type":"Person","@id":"https:\/\/www.lumeon.cz\/author\/#Person","name":"lumeon.cz\n","url":"https:\/\/www.lumeon.cz\/author\/","identifier":1,"image":{"@type":"ImageObject","@id":"https:\/\/secure.gravatar.com\/avatar\/014a645f9f16d49aceddb25e316448c724bd78e7db0ee7a34c29417d5ca39ef1?s=96&d=mm&r=g","url":"https:\/\/secure.gravatar.com\/avatar\/014a645f9f16d49aceddb25e316448c724bd78e7db0ee7a34c29417d5ca39ef1?s=96&d=mm&r=g","height":96,"width":96}},"publisher":{"@type":"Organization","name":"lumeon.cz","logo":{"@type":"ImageObject","@id":"\/logo.png","url":"\/logo.png","width":600,"height":60}},"url":"https:\/\/www.lumeon.cz\/odhodte-sve-obavy\/","wordCount":190,"articleBody":"\tPat\u0159\u00edte mezi ty, kte\u0159\u00ed \u0161patn\u011b sn\u00e1\u0161\u00ed samotu? Nejeden z\u00a0n\u00e1s pot\u0159ebuje ke\u00a0\u0161t\u011bst\u00ed l\u00e1skypln\u00fd vztah s\u00a0druhou osobou, stejn\u011b jako intimn\u00ed vyj\u00e1d\u0159en\u00ed l\u00e1sky. T\u00edm z\u00e1kladn\u00edm nonverb\u00e1ln\u00edm projevem je polibek. Jde o\u00a0spojen\u00ed rt\u016f, vyjad\u0159uj\u00edc\u00ed zal\u00edben\u00ed a\u00a0citovou n\u00e1klonnost. Setk\u00e1v\u00e1me se s\u00a0n\u00edm dnes a\u00a0denn\u011b \u2013 mezi lidmi v\u00a0na\u0161\u00ed bl\u00edzkosti, na\u00a0obrazovk\u00e1ch, na\u00a0fotk\u00e1ch a\u00a0ilustrac\u00edch v\u00a0\u010dasopisech. Tou\u017e\u00edme po n\u011bm, a\u00a0p\u0159esto z\u00a0n\u011bj m\u016f\u017eeme m\u00edt takt\u00e9\u017e strach.\tP\u0159i\u010di\u0148te se o\u00a0sv\u00e9 \u0161t\u011bst\u00edPokud se V\u00e1s v\u00fd\u0161e zm\u00edn\u011bn\u00e9 tak\u00e9 t\u00fdk\u00e1, nezoufejte. Je samoz\u0159ejm\u00e9, \u017ee V\u00e1m z\u00e1le\u017e\u00ed na\u00a0tom, aby V\u00e1s V\u00e1\u0161 prot\u011bj\u0161ek v\u00a0t\u00e9to oblasti ocenil, a\u00a0p\u0159edev\u0161\u00edm \u2013 abyste jej t\u00edmto zp\u016fsobem sp\u00ed\u0161e neodradili. Zn\u00e1me \u0159e\u0161en\u00ed! St\u00e1hn\u011bte si n\u00e1\u0161 jedine\u010dn\u00fd n\u00e1vod, kter\u00fd V\u00e1m porad\u00ed,\u00a0jak se l\u00edbat. N\u00e1sledn\u00e9 uveden\u00ed do\u00a0praxe u\u017e bude jen na\u00a0V\u00e1s!                                                                                                                                                                                                                                                                                                                                                                                        3\/5 - (1 vote)        "},{"@context":"https:\/\/schema.org\/","@type":"BreadcrumbList","itemListElement":[{"@type":"ListItem","position":1,"name":"Odho\u010fte sv\u00e9 obavy","item":"https:\/\/www.lumeon.cz\/odhodte-sve-obavy\/#breadcrumbitem"}]}]