[{"@context":"https:\/\/schema.org\/","@type":"Article","@id":"https:\/\/www.lumeon.cz\/sede-nebo-cervene\/#Article","mainEntityOfPage":"https:\/\/www.lumeon.cz\/sede-nebo-cervene\/","headline":"\u0160ed\u00e9 nebo \u010derven\u00e9?","name":"\u0160ed\u00e9 nebo \u010derven\u00e9?","description":"A\u010dkoliv to maj\u00ed \u017eeny na sv\u011bt\u011b o trochu t\u011b\u017e\u0161\u00ed (i ty evropsk\u00e9), p\u0159eci jen maj\u00ed n\u011bkolik nesporn\u00fdch v\u00fdhod. Pokud p\u016fjde p\u00e1r do spole\u010dnosti, mu\u017e m\u00e1 v podstat\u011b jen jednu mo\u017enost volby oble\u010den\u00ed. Mus\u00ed zvolit oblek. Vyb\u00edrat m\u016f\u017ee jen barvu, st\u0159ih a dopl\u0148ky (nap\u0159\u00edklad kravatu). \u017dena m\u00e1 mnohem v\u00edce mo\u017enost\u00ed. o\u00a0\u00a0 M\u016f\u017ee se dokonce obl\u00e9ci do [&hellip;]","datePublished":"2025-03-03","dateModified":"2023-04-29","author":{"@type":"Person","@id":"https:\/\/www.lumeon.cz\/author\/#Person","name":"lumeon.cz\n","url":"https:\/\/www.lumeon.cz\/author\/","identifier":1,"image":{"@type":"ImageObject","@id":"https:\/\/secure.gravatar.com\/avatar\/014a645f9f16d49aceddb25e316448c724bd78e7db0ee7a34c29417d5ca39ef1?s=96&d=mm&r=g","url":"https:\/\/secure.gravatar.com\/avatar\/014a645f9f16d49aceddb25e316448c724bd78e7db0ee7a34c29417d5ca39ef1?s=96&d=mm&r=g","height":96,"width":96}},"publisher":{"@type":"Organization","name":"lumeon.cz","logo":{"@type":"ImageObject","@id":"\/logo.png","url":"\/logo.png","width":600,"height":60}},"image":{"@type":"ImageObject","@id":"https:\/\/www.lumeon.cz\/wp-content\/uploads\/img_a289616_w2074_t1501052070.jpg","url":"https:\/\/www.lumeon.cz\/wp-content\/uploads\/img_a289616_w2074_t1501052070.jpg","height":0,"width":0},"url":"https:\/\/www.lumeon.cz\/sede-nebo-cervene\/","about":["M\u00f3da"],"wordCount":399,"articleBody":"A\u010dkoliv to maj\u00ed \u017eeny na sv\u011bt\u011b o trochu t\u011b\u017e\u0161\u00ed (i ty evropsk\u00e9), p\u0159eci jen maj\u00ed n\u011bkolik nesporn\u00fdch v\u00fdhod. Pokud p\u016fjde p\u00e1r do spole\u010dnosti, mu\u017e m\u00e1 v podstat\u011b jen jednu mo\u017enost volby oble\u010den\u00ed. Mus\u00ed zvolit oblek. Vyb\u00edrat m\u016f\u017ee jen barvu, st\u0159ih a dopl\u0148ky (nap\u0159\u00edklad kravatu). \u017dena m\u00e1 mnohem v\u00edce mo\u017enost\u00ed.o\u00a0\u00a0 M\u016f\u017ee se dokonce obl\u00e9ci do p\u00e1nsk\u00e9ho obleku jako mu\u017e a bude vypadat prudce elegantn\u011b.o\u00a0\u00a0 Pokud to sam\u00e9 ud\u011bl\u00e1 mu\u017e a obl\u00e9kne se do d\u00e1msk\u00fdch \u0161at\u016f, bude vypadat jako transvestita.\tElegantn\u00ed \u0161ed\u00e1Jedn\u00edm z od\u011bv\u016f, kter\u00e9 jsou ur\u010deny jen \u017een\u00e1m, jsou tedy \u0161aty. \u0160aty, kter\u00e9 mohou z\u00e1\u0159it ve v\u0161ech mo\u017en\u00fdch odst\u00ednech a kombinac\u00edch barev. Sou\u010dasn\u00ed m\u00f3dn\u00ed n\u00e1vrh\u00e1\u0159i zvolili jako jednu z barev sou\u010dasnosti \u0161edou. Mysl\u00edte, \u017ee je to f\u00e1dn\u00ed barva, kter\u00e1 ud\u011bl\u00e1 \u0161aty nudn\u00fdmi? Rozhodn\u011b ne. N\u00e1vrh\u00e1\u0159i tvrd\u00ed, \u017ee \u0161ed\u00e1 je prost\u011b jen nov\u00e1 \u010dern\u00e1. Pokud se d\u00e1ma obl\u00e9kne do \u0161ed\u00fdch jednoduch\u00fdch \u0161at\u016f, rozhodn\u011b neud\u011bl\u00e1 chybu. Sta\u010d\u00ed k nim vz\u00edt barevnou kabelku nebo origin\u00e1ln\u00ed bro\u017e a je to model, kter\u00fd nebude m\u00edt chybu.\t\u010cerven\u00e1 rozjasn\u00edJestli\u017ee m\u00e1te tu p\u0159edstavu, \u017ee univerz\u00e1ln\u00ed \u0161aty se vyskytuj\u00ed jen v barv\u011b \u010dern\u00e9 nebo jin\u00e9 tmav\u00e9, tak jste na velik\u00e9m omylu. Slu\u017ebu univerz\u00e1ln\u00edch \u0161at\u016f mohou skv\u011ble ud\u011blat \u0161aty jasn\u011b \u010derven\u00e9. Jestli\u017ee si \u017eena zvol\u00ed ten spr\u00e1vn\u00fd st\u0159ih, kter\u00fd nen\u00ed extravagantn\u00ed a moc odv\u00e1\u017en\u00fd, m\u016f\u017ee \u0161aty vyu\u017e\u00edt na v\u0161echny p\u0159\u00edle\u017eitosti.\u00b7\u00a0\u00a0\u00a0\u00a0\u00a0\u00a0\u00a0 Pokud p\u016fjde do kancel\u00e1\u0159e, za katedru, sta\u010d\u00ed k nim vz\u00edt elegantn\u00ed sako, pohodln\u00e9 boty a v\u00fdsledek bude st\u00e1t za to.\u00b7\u00a0\u00a0\u00a0\u00a0\u00a0\u00a0\u00a0 Pokud p\u016fjde na proch\u00e1zku do parku, sta\u010d\u00ed nazout sand\u00e1ly nebo baler\u00edny. \u0160aty dostanou sportovn\u00ed \u0161vih, jestli\u017ee budou dopln\u011bny hezk\u00fdmi teniskami.\u00b7\u00a0\u00a0\u00a0\u00a0\u00a0\u00a0\u00a0 A co s nimi na ve\u010der? Na nohy boty s vysok\u00fdmi podpatky, do ruky malou kabelku a m\u016f\u017eete vyrazit. Jen pozor na p\u0159\u00edli\u0161 v\u00fdrazn\u00e9 l\u00ed\u010den\u00ed. V \u010derven\u00fdch \u0161atech u\u017e jste natolik nep\u0159ehl\u00e9dnuteln\u00e1, \u017ee budou docela sta\u010dit dva tahy rt\u011bnkou a jste naprosto dokonal\u00e1 lvice sal\u00f3n\u016f.                                                                                                                                                                                                                                                                                                                                                                                        3.5\/5 - (8 votes)        "},{"@context":"https:\/\/schema.org\/","@type":"BreadcrumbList","itemListElement":[{"@type":"ListItem","position":1,"name":"\u0160ed\u00e9 nebo \u010derven\u00e9?","item":"https:\/\/www.lumeon.cz\/sede-nebo-cervene\/#breadcrumbitem"}]}]